{"id":819,"date":"2022-07-29T12:35:44","date_gmt":"2022-07-29T10:35:44","guid":{"rendered":"http:\/\/riudelletres.cat\/?p=819"},"modified":"2022-07-29T12:35:44","modified_gmt":"2022-07-29T10:35:44","slug":"ponents-2022","status":"publish","type":"post","link":"https:\/\/riudelletres.cat\/index.php\/2022\/07\/29\/ponents-2022\/","title":{"rendered":"Ponents 2022"},"content":{"rendered":"\n<p><strong>PIU MART\u00cdNEZ <\/strong>&#8211; Ponent a la <strong>Xerrada: l\u2019animaci\u00f3 lectora i l\u2019\u00e0lbum il\u00b7lustrat<\/strong> (10:30h)<\/p>\n\n\n\n<figure class=\"wp-block-image size-large\"><img loading=\"lazy\" width=\"1024\" height=\"682\" src=\"http:\/\/riudelletres.cat\/wp-content\/uploads\/2022\/07\/Piu-Bruno-Munari_2022-1024x682.jpg\" alt=\"\" class=\"wp-image-807\" srcset=\"https:\/\/riudelletres.cat\/wp-content\/uploads\/2022\/07\/Piu-Bruno-Munari_2022-1024x682.jpg 1024w, https:\/\/riudelletres.cat\/wp-content\/uploads\/2022\/07\/Piu-Bruno-Munari_2022-300x200.jpg 300w, https:\/\/riudelletres.cat\/wp-content\/uploads\/2022\/07\/Piu-Bruno-Munari_2022-768x512.jpg 768w, https:\/\/riudelletres.cat\/wp-content\/uploads\/2022\/07\/Piu-Bruno-Munari_2022-1536x1023.jpg 1536w, https:\/\/riudelletres.cat\/wp-content\/uploads\/2022\/07\/Piu-Bruno-Munari_2022.jpg 1600w\" sizes=\"(max-width: 1024px) 100vw, 1024px\" \/><\/figure>\n\n\n\n<p><\/p>\n\n\n\n<p>Ha treballat com a bibliotec\u00e0ria de l&#8217;Arxiu General d&#8217;\u00cdndies, de documentalista de l&#8217;Institut Andal\u00fas de l&#8217;Esport, de catalogadora de fons antic, llibretera i des de fa 10 anys la seva feina se centra al m\u00f3n editorial: editora de taula a Sd\u00b7Edicions, responsable de comunicaci\u00f3 i premsa de Llibres del Zorro Rojo i gestora de RR. SS. per a l&#8217;Associaci\u00f3 \u00c0lbum Barcelona. Formadora en mediaci\u00f3 lectora i divulgaci\u00f3 de l&#8217;\u00e0lbum il\u00b7lustrat al Col\u00b7legi Oficial de Bibliotecaris de Catalunya, Sendak-l&#8217;Espai Culturista i altres institucions culturals. Els darrers anys ha centrat la seva tasca en el m\u00f3n editorial com a editora freelance. Entre els seus darrers projectes d&#8217;edici\u00f3 hi ha Gallinas i altres contes de Rafael Barrett, il\u00b7lustrat per Clara-Iris Ramos; Anarquia explicada als nens de Jos\u00e9 Antonio Emmanuel, il. per F\u00e0brica d&#8217;Estampes; Cartilla Escolar Antifascista, M.I.P.,1937; Gat al cam\u00ed de Nicanor Parra, il\u00b7lustrat per Joan Casaramona. Com a escolta, col\u00b7labora amb l&#8217;Editorial sevillana Barrett en la creaci\u00f3 del cat\u00e0leg infantil. Ha estat membre del jurat de la XV edici\u00f3 del Premi Internacional per a \u00c0lbums Il\u00b7lustrats de Compostel\u00b7la.<\/p>\n\n\n\n<p><strong>ANIOL RAFEL<\/strong> &#8211; Ponent a la <strong>Xerrada: Publicar traduccions<\/strong> (12:00h)<\/p>\n\n\n\n<figure class=\"wp-block-image size-large\"><img loading=\"lazy\" width=\"1024\" height=\"700\" src=\"http:\/\/riudelletres.cat\/wp-content\/uploads\/2022\/06\/Aniol-Rafel-1024x700.png\" alt=\"\" class=\"wp-image-796\" srcset=\"https:\/\/riudelletres.cat\/wp-content\/uploads\/2022\/06\/Aniol-Rafel-1024x700.png 1024w, https:\/\/riudelletres.cat\/wp-content\/uploads\/2022\/06\/Aniol-Rafel-300x205.png 300w, https:\/\/riudelletres.cat\/wp-content\/uploads\/2022\/06\/Aniol-Rafel-768x525.png 768w, https:\/\/riudelletres.cat\/wp-content\/uploads\/2022\/06\/Aniol-Rafel.png 1114w\" sizes=\"(max-width: 1024px) 100vw, 1024px\" \/><figcaption>foto: (c) Joan Morej\u00f3n \/ Edicions del Periscopi<\/figcaption><\/figure>\n\n\n\n<p><strong>Aniol Rafel i Borrell<\/strong> (<a href=\"https:\/\/ca.wikipedia.org\/wiki\/Barcelona\">Barcelona<\/a>, <a href=\"https:\/\/ca.wikipedia.org\/wiki\/1977\">1977<\/a>) \u00e9s un editor catal\u00e0. Va estudiar un M\u00e0ster en edici\u00f3 a la <a href=\"https:\/\/ca.wikipedia.org\/wiki\/Universitat_Aut%C3%B2noma_de_Barcelona\">UAB<\/a> (2006) i s&#8217;ha format en escriptura creativa a l&#8217;Escola d&#8217;Escriptura de l&#8217;<a href=\"https:\/\/ca.wikipedia.org\/wiki\/Ateneu_Barcelon%C3%A8s\">Ateneu Barcelon\u00e8s<\/a>. Ha exercit de llibreter, de lector professional, de corrector d&#8217;estil i ortotipogr\u00e0fic, de traductor, de t\u00e8cnic editorial, d&#8217;assistent editorial, d&#8217;editor i de director literari.<\/p>\n\n\n\n<p>L&#8217;any 2012 funda l&#8217;editorial independent <a href=\"https:\/\/ca.wikipedia.org\/wiki\/Edicions_del_Periscopi\">Edicions del Periscopi<\/a> per tal de seleccionar i editar per al lector en catal\u00e0 obres contempor\u00e0nies que destaquin pel seu valor literari, aix\u00ed com fer de lligam entre importants veus narratives i els lectors que busquen una refer\u00e8ncia que els aporti la seguretat d&#8217;una experi\u00e8ncia lectora gratificant i plena en catal\u00e0. Des d&#8217;aleshores, Periscopi s&#8217;ha consolidat com una editorial de refer\u00e8ncia dins el panorama literari i editorial independent, obtenint sis premis Llibreter (2014, 2015, 2018, 2020 i 2022), un premi \u00d2mnium a la millor novel\u00b7la de l&#8217;any (2018) i un premi de la Cr\u00edtica de narrativa catalana (2022).<sup><a href=\"https:\/\/ca.wikipedia.org\/wiki\/Aniol_Rafel_i_Borrell#cite_note-1\">[1]<\/a><\/sup><\/p>\n\n\n\n<p>L&#8217;any 2016 va ser guardonat amb el Memorial Fernando Lara, atorgat per la Cambra del Llibre de Catalunya en reconeixement de la traject\u00f2ria professional d&#8217;un empresari o gestor jove del sector del llibre<\/p>\n\n\n\n<p><strong>PAU VIDAL<\/strong> &#8211; Ponent a la <strong>taula rodona: de la creaci\u00f3 a la traducci\u00f3<\/strong> (16:00h)<\/p>\n\n\n\n<figure class=\"wp-block-image size-large\"><img loading=\"lazy\" width=\"1024\" height=\"683\" src=\"http:\/\/riudelletres.cat\/wp-content\/uploads\/2022\/06\/juliol-21-by-Jordi-Borra\u0300s-1024x683.jpg\" alt=\"\" class=\"wp-image-791\" srcset=\"https:\/\/riudelletres.cat\/wp-content\/uploads\/2022\/06\/juliol-21-by-Jordi-Borra\u0300s-1024x683.jpg 1024w, https:\/\/riudelletres.cat\/wp-content\/uploads\/2022\/06\/juliol-21-by-Jordi-Borra\u0300s-300x200.jpg 300w, https:\/\/riudelletres.cat\/wp-content\/uploads\/2022\/06\/juliol-21-by-Jordi-Borra\u0300s-768x512.jpg 768w, https:\/\/riudelletres.cat\/wp-content\/uploads\/2022\/06\/juliol-21-by-Jordi-Borra\u0300s-1536x1024.jpg 1536w, https:\/\/riudelletres.cat\/wp-content\/uploads\/2022\/06\/juliol-21-by-Jordi-Borra\u0300s-2048x1366.jpg 2048w\" sizes=\"(max-width: 1024px) 100vw, 1024px\" \/><figcaption>foto: Jordi Borr\u00e0s<\/figcaption><\/figure>\n\n\n\n<p><strong>Pau Vidal<\/strong>\u00a0\u00e9s fil\u00f2leg de formaci\u00f3 i divulgador ling\u00fc\u00edstic d&#8217;ofici. Ha escrit novel\u00b7les, llibres de contes, de llengua (<em>En perill d&#8217;extinci\u00f3. 100 paraules per salvar, El catanyol es cura, Manual del conflicto, Corregir mata<\/em>), assaig socioling\u00fc\u00edstic (<em>El biling\u00fcisme mata) i <\/em>un manual d\u2019empoderament ling\u00fc\u00edstic<em>\u00a0(Nivell \u00c7)<\/em>. Ha tradu\u00eft narrativa italiana contempor\u00e0nia (Tomasi di Lampedusa, Saviano, Pasolini, Federico de Roberto, Tabucchi, Erri de Luca, Gianni Rodari&#8230;) i una quarantena de novel\u00b7les d&#8217;Andrea Camilleri, el creador del comissari Montalbano. Ha fet seccions sobre llengua a r\u00e0dio i televisi\u00f3 (<em>TV3,Catalunya R\u00e0dio, Rac1, COM R\u00e0dio, BTV<\/em>&#8230;) i publica columnes d\u2019opini\u00f3 a <em>Vilaweb<\/em>. Ha confegit el crucigrama diari d\u2019EL PA\u00cdS-Catalunya durant 25 anys i \u00e9s autor del primer crucigrama digital en catal\u00e0, al diari <em><a rel=\"noreferrer noopener\" href=\"http:\/\/elnacional.cat\" target=\"_blank\">elnacional.cat<\/a><\/em>.\u00a0El seu \u00faltim t\u00edtol publicat \u00e9s <em>El llibre del Paraul\u00f2gic<\/em>, juntament amb Jordi Palou.\u00a0<\/p>\n\n\n\n<p><strong>ESTHER TALLADA<\/strong> &#8211; Ponent a la <strong>taula rodona: de la creaci\u00f3 a la traducci\u00f3<\/strong> (16:00h)<\/p>\n\n\n\n<figure class=\"wp-block-image size-large\"><img loading=\"lazy\" width=\"808\" height=\"1024\" src=\"http:\/\/riudelletres.cat\/wp-content\/uploads\/2022\/07\/IMG_3630_retall2-808x1024.jpg\" alt=\"\" class=\"wp-image-811\" srcset=\"https:\/\/riudelletres.cat\/wp-content\/uploads\/2022\/07\/IMG_3630_retall2-808x1024.jpg 808w, https:\/\/riudelletres.cat\/wp-content\/uploads\/2022\/07\/IMG_3630_retall2-237x300.jpg 237w, https:\/\/riudelletres.cat\/wp-content\/uploads\/2022\/07\/IMG_3630_retall2-768x974.jpg 768w, https:\/\/riudelletres.cat\/wp-content\/uploads\/2022\/07\/IMG_3630_retall2-1212x1536.jpg 1212w, https:\/\/riudelletres.cat\/wp-content\/uploads\/2022\/07\/IMG_3630_retall2.jpg 1509w\" sizes=\"(max-width: 808px) 100vw, 808px\" \/><figcaption>foto: Diana Marzal<\/figcaption><\/figure>\n\n\n\n<p>Traductora, correctora i professora. T\u00e9 m\u00e9s de vint anys d\u2019experi\u00e8ncia en traducci\u00f3 i correcci\u00f3 de textos.<br>Set anys de doc\u00e8ncia a la Universitat de Glasgow (llengua, hist\u00f2ria i cultura catalanes, llengua castellana, traducci\u00f3 i subtitulaci\u00f3). Dos anys de doc\u00e8ncia a la Facultat de Traducci\u00f3 de la UPF (traducci\u00f3 general, liter\u00e0ria i audiovisual) i un any a la Facultat d\u2019Educaci\u00f3 de la UIC (t\u00e8cniques d\u2019escriptura).<br>Llicenciada en Traducci\u00f3 i Interpretaci\u00f3 per la UPF, postgraduada en Assessorament Ling\u00fc\u00edstic en els Mitjans Audiovisuals per la UAB i m\u00e0ster de Formaci\u00f3 de Professorat de Secund\u00e0ria i Batxillerat (angl\u00e8s) per la UAB.<\/p>\n\n\n\n<p><strong>MIQUEL CABAL<\/strong> &#8211; Ponent a la <strong>taula rodona: de la creaci\u00f3 a la traducci\u00f3<\/strong> (16:00h)<\/p>\n\n\n\n<figure class=\"wp-block-image size-large\"><img loading=\"lazy\" width=\"980\" height=\"1000\" src=\"http:\/\/riudelletres.cat\/wp-content\/uploads\/2022\/07\/FotoMiq_JoanaDeQuerol_PetitaColor.jpg\" alt=\"\" class=\"wp-image-820\" srcset=\"https:\/\/riudelletres.cat\/wp-content\/uploads\/2022\/07\/FotoMiq_JoanaDeQuerol_PetitaColor.jpg 980w, https:\/\/riudelletres.cat\/wp-content\/uploads\/2022\/07\/FotoMiq_JoanaDeQuerol_PetitaColor-294x300.jpg 294w, https:\/\/riudelletres.cat\/wp-content\/uploads\/2022\/07\/FotoMiq_JoanaDeQuerol_PetitaColor-768x784.jpg 768w\" sizes=\"(max-width: 980px) 100vw, 980px\" \/><figcaption>Foto: Joana De Querol<\/figcaption><\/figure>\n\n\n\n<p>Miquel Cabal Guarro (Barcelona, 1977) \u00e9s traductor literari de rus. Llicenciat en Filologia Eslava i doctor en Ling\u00fc\u00edstica, ha publicat una quarantena de traduccions de narrativa i teatre d\u2019autors com Andrei Plat\u00f3nov, Fi\u00f3dor Dostoievski, Serguei Dovl\u00e0tov, Marina Tsvet\u00e0ieva, Anton Tx\u00e9khov, Dani\u00efl Kharms, Svetlana Aleksi\u00e9vitx, Lev Tolstoi i Liudmila Petruix\u00e9vskaia, entre d\u2019altres.\u00a0En l\u2019\u00e0mbit acad\u00e8mic, imparteix classes de traducci\u00f3 i literatura russa com a professor associat a la Universitat de Barcelona. Ha estat membre del Comit\u00e8 Executiu del Consell de la Cultura de Barcelona durant vuit anys. \u00c9s membre de la junta de l\u2019Associaci\u00f3 d\u2019Escriptors en Llengua Catalana i vicepresident del Consell Europeu d\u2019Associacions de Traductors Literaris. Va rebre\u00a0el Premi Vidal Alcover 2014 pel projecte de traducci\u00f3 de\u00a0<em>Petersburg<\/em>, d\u2019Andrei Beli (Edicions de 1984), i un acc\u00e8ssit del Claustre de Doctors de la UB per la tesi doctoral\u00a0<em>Actituds, transmissi\u00f3 i usos ling\u00fc\u00edstics dels t\u00e0tars de Crimea<\/em>. Ha rebut el Premi Ciutat de Barcelona 2021 de Traducci\u00f3 en Llengua Catalana per la traducci\u00f3 de <em>Crim i c\u00e0stig<\/em>, de Dostoievski (Bernat Metge).<\/p>\n\n\n\n<p>CLARA JUBETE &#8211; Ponent a la <strong>Taula rodona sobre el futur de la Literatura Infantil i Juvenil <\/strong>(18:00h)<\/p>\n\n\n\n<figure class=\"wp-block-image size-large\"><img loading=\"lazy\" width=\"2560\" height=\"2560\" src=\"http:\/\/riudelletres.cat\/wp-content\/uploads\/2022\/07\/1634825126030-edited-2-scaled.jpg\" alt=\"\" class=\"wp-image-824\" srcset=\"https:\/\/riudelletres.cat\/wp-content\/uploads\/2022\/07\/1634825126030-edited-2-scaled.jpg 2560w, https:\/\/riudelletres.cat\/wp-content\/uploads\/2022\/07\/1634825126030-edited-2-300x300.jpg 300w, https:\/\/riudelletres.cat\/wp-content\/uploads\/2022\/07\/1634825126030-edited-2-1024x1024.jpg 1024w, https:\/\/riudelletres.cat\/wp-content\/uploads\/2022\/07\/1634825126030-edited-2-150x150.jpg 150w, https:\/\/riudelletres.cat\/wp-content\/uploads\/2022\/07\/1634825126030-edited-2-768x768.jpg 768w, https:\/\/riudelletres.cat\/wp-content\/uploads\/2022\/07\/1634825126030-edited-2-1536x1536.jpg 1536w, https:\/\/riudelletres.cat\/wp-content\/uploads\/2022\/07\/1634825126030-edited-2-2048x2048.jpg 2048w\" sizes=\"(max-width: 2560px) 100vw, 2560px\" \/><\/figure>\n\n\n\n<p>Llicenciada en Filologia Anglesa i Alemanya (Universitat de Barcelona) i amb un m\u00e0ster en Literatura Infantil i Juvenil (Universitat Aut\u00f2noma de Barcelona) i en Child Studies (Link\u00f6ping Universitet), ha treballat en diversos \u00e0mbits del m\u00f3n del llibre, com el Literatur Festival de Berl\u00edn o la llibreria especialitzada Casa Anita del barri de Gr\u00e0cia. Actualment \u00e9s la coordinadora general de l&#8217;associaci\u00f3 \u00c0lbum!, una associaci\u00f3 sense \u00e0nim de lucre formada per 25 editorials independents que promociona la lectura i el llibre \u00e0lbum a escoles, llibreries, biblioteques i altres espais culturals. Des del 2018 combina la seva feina de gesti\u00f3 cultural amb traduccions i informes de lectura amb editorials de literatura infantil i juvenil.<\/p>\n\n\n\n<p>N\u00daRIA CARCAMO BONET &#8211; Ponent a la <strong>Taula rodona sobre el futur de la Literatura Infantil i Juvenil <\/strong>(18:00h)<\/p>\n\n\n\n<figure class=\"wp-block-image size-large is-resized\"><img loading=\"lazy\" src=\"http:\/\/riudelletres.cat\/wp-content\/uploads\/2022\/07\/Nuria_Carcamo_Bonet.jpeg\" alt=\"\" class=\"wp-image-825\" width=\"459\" height=\"458\" srcset=\"https:\/\/riudelletres.cat\/wp-content\/uploads\/2022\/07\/Nuria_Carcamo_Bonet.jpeg 373w, https:\/\/riudelletres.cat\/wp-content\/uploads\/2022\/07\/Nuria_Carcamo_Bonet-300x300.jpeg 300w, https:\/\/riudelletres.cat\/wp-content\/uploads\/2022\/07\/Nuria_Carcamo_Bonet-150x150.jpeg 150w\" sizes=\"(max-width: 459px) 100vw, 459px\" \/><figcaption>Foto de Celia Atset. Diari Ara.<\/figcaption><\/figure>\n\n\n\n<p>Llicenciada en Periodisme i\u00a0Postgrau en Literatura Comparada i Digital. Ha cursat tamb\u00e9 els cursos de\u00a0Postgrau de Llibreria i Prescripci\u00f3 Lectora. Durant m\u00e9s de 10 anys va treballar com a consultora i coordinadora de projectes online, especialitzant-se en estrat\u00e8gies de m\u00e0rqueting de continguts i posicionament a la xarxa per al sector cultural, tur\u00edstic i educatiu. El 2017 va fundar, juntament amb Aitor Martos, la Llibreria Sendak, especialitzada en literatura infantil i juvenil, on treballa actualment com a llibretera.\u00a0<\/p>\n\n\n\n<p><\/p>\n","protected":false},"excerpt":{"rendered":"<p>PIU MART\u00cdNEZ &#8211; Ponent a la Xerrada: l\u2019animaci\u00f3 lectora i l\u2019\u00e0lbum il\u00b7lustrat (10:30h) Ha treballat com a bibliotec\u00e0ria de l&#8217;Arxiu General d&#8217;\u00cdndies, de documentalista de l&#8217;Institut Andal\u00fas de l&#8217;Esport, de catalogadora de fons antic, llibretera<\/p>\n","protected":false},"author":1,"featured_media":0,"comment_status":"open","ping_status":"open","sticky":false,"template":"","format":"standard","meta":[],"categories":[1],"tags":[],"_links":{"self":[{"href":"https:\/\/riudelletres.cat\/index.php\/wp-json\/wp\/v2\/posts\/819"}],"collection":[{"href":"https:\/\/riudelletres.cat\/index.php\/wp-json\/wp\/v2\/posts"}],"about":[{"href":"https:\/\/riudelletres.cat\/index.php\/wp-json\/wp\/v2\/types\/post"}],"author":[{"embeddable":true,"href":"https:\/\/riudelletres.cat\/index.php\/wp-json\/wp\/v2\/users\/1"}],"replies":[{"embeddable":true,"href":"https:\/\/riudelletres.cat\/index.php\/wp-json\/wp\/v2\/comments?post=819"}],"version-history":[{"count":1,"href":"https:\/\/riudelletres.cat\/index.php\/wp-json\/wp\/v2\/posts\/819\/revisions"}],"predecessor-version":[{"id":827,"href":"https:\/\/riudelletres.cat\/index.php\/wp-json\/wp\/v2\/posts\/819\/revisions\/827"}],"wp:attachment":[{"href":"https:\/\/riudelletres.cat\/index.php\/wp-json\/wp\/v2\/media?parent=819"}],"wp:term":[{"taxonomy":"category","embeddable":true,"href":"https:\/\/riudelletres.cat\/index.php\/wp-json\/wp\/v2\/categories?post=819"},{"taxonomy":"post_tag","embeddable":true,"href":"https:\/\/riudelletres.cat\/index.php\/wp-json\/wp\/v2\/tags?post=819"}],"curies":[{"name":"wp","href":"https:\/\/api.w.org\/{rel}","templated":true}]}}