{"id":291,"date":"2020-12-20T13:02:12","date_gmt":"2020-12-20T12:02:12","guid":{"rendered":"http:\/\/riudelletres.cat\/?p=291"},"modified":"2020-12-20T13:02:12","modified_gmt":"2020-12-20T12:02:12","slug":"desidealitzacio-de-la-vida-a-pages-en-la-literatura","status":"publish","type":"post","link":"https:\/\/riudelletres.cat\/index.php\/2020\/12\/20\/desidealitzacio-de-la-vida-a-pages-en-la-literatura\/","title":{"rendered":"Desidealitzaci\u00f3 de la vida a pag\u00e8s en la literatura"},"content":{"rendered":"\n<p>Aquest dissabte 19 de desembre es va dur a terme el Debat a 3 anomenat &#8220;desidealitzaci\u00f3 de la vida a pag\u00e8s en la literatura&#8221; en qu\u00e8 hi van participar, com a ponents, l&#8217;Anna Ballbona, el Pep Coll i el Miquel Martin i com a moderador el Jaume Felipe, bibliotecari de la Biblioteca Maria \u00c0ngels Torrents de Sant Pere de Riudebitlles. L&#8217;acte estava emmarcat en el programa de dinamitzaci\u00f3 de l&#8217;activitat professional de l&#8217;Associaci\u00f3 d&#8217;Escriptors en Llengua Catalana.<\/p>\n\n\n\n<figure class=\"wp-block-image\"><img loading=\"lazy\" width=\"1024\" height=\"573\" src=\"http:\/\/riudelletres.cat\/wp-content\/uploads\/2020\/12\/debat-vida-a-page\u0300s-1024x573.png\" alt=\"\" class=\"wp-image-292\" srcset=\"https:\/\/riudelletres.cat\/wp-content\/uploads\/2020\/12\/debat-vida-a-page\u0300s-1024x573.png 1024w, https:\/\/riudelletres.cat\/wp-content\/uploads\/2020\/12\/debat-vida-a-page\u0300s-300x168.png 300w, https:\/\/riudelletres.cat\/wp-content\/uploads\/2020\/12\/debat-vida-a-page\u0300s-768x430.png 768w, https:\/\/riudelletres.cat\/wp-content\/uploads\/2020\/12\/debat-vida-a-page\u0300s.png 1396w\" sizes=\"(max-width: 1024px) 100vw, 1024px\" \/><\/figure>\n\n\n\n<p><\/p>\n","protected":false},"excerpt":{"rendered":"<p>Aquest dissabte 19 de desembre es va dur a terme el Debat a 3 anomenat &#8220;desidealitzaci\u00f3 de la vida a pag\u00e8s en la literatura&#8221; en qu\u00e8 hi van participar, com a ponents, l&#8217;Anna Ballbona, el<\/p>\n","protected":false},"author":1,"featured_media":0,"comment_status":"open","ping_status":"open","sticky":false,"template":"","format":"standard","meta":[],"categories":[1],"tags":[],"_links":{"self":[{"href":"https:\/\/riudelletres.cat\/index.php\/wp-json\/wp\/v2\/posts\/291"}],"collection":[{"href":"https:\/\/riudelletres.cat\/index.php\/wp-json\/wp\/v2\/posts"}],"about":[{"href":"https:\/\/riudelletres.cat\/index.php\/wp-json\/wp\/v2\/types\/post"}],"author":[{"embeddable":true,"href":"https:\/\/riudelletres.cat\/index.php\/wp-json\/wp\/v2\/users\/1"}],"replies":[{"embeddable":true,"href":"https:\/\/riudelletres.cat\/index.php\/wp-json\/wp\/v2\/comments?post=291"}],"version-history":[{"count":1,"href":"https:\/\/riudelletres.cat\/index.php\/wp-json\/wp\/v2\/posts\/291\/revisions"}],"predecessor-version":[{"id":293,"href":"https:\/\/riudelletres.cat\/index.php\/wp-json\/wp\/v2\/posts\/291\/revisions\/293"}],"wp:attachment":[{"href":"https:\/\/riudelletres.cat\/index.php\/wp-json\/wp\/v2\/media?parent=291"}],"wp:term":[{"taxonomy":"category","embeddable":true,"href":"https:\/\/riudelletres.cat\/index.php\/wp-json\/wp\/v2\/categories?post=291"},{"taxonomy":"post_tag","embeddable":true,"href":"https:\/\/riudelletres.cat\/index.php\/wp-json\/wp\/v2\/tags?post=291"}],"curies":[{"name":"wp","href":"https:\/\/api.w.org\/{rel}","templated":true}]}}