{"id":224,"date":"2020-09-15T11:48:56","date_gmt":"2020-09-15T09:48:56","guid":{"rendered":"http:\/\/riudelletres.cat\/?p=224"},"modified":"2020-09-15T11:48:56","modified_gmt":"2020-09-15T09:48:56","slug":"entrevista-a-eva-comas","status":"publish","type":"post","link":"https:\/\/riudelletres.cat\/index.php\/2020\/09\/15\/entrevista-a-eva-comas\/","title":{"rendered":"Entrevista a Eva Comas"},"content":{"rendered":"\n<p>Tanquem el cicle d&#8217;entrevistes als ponents del Riudelletres 2020 parlant amb la professora, escriptora i periodista que impartir\u00e0 el taller de creaci\u00f3 de v\u00eddeos de promoci\u00f3<\/p>\n\n\n\n<div class=\"wp-block-image\"><figure class=\"alignleft is-resized\"><img loading=\"lazy\" src=\"http:\/\/riudelletres.cat\/wp-content\/uploads\/2020\/09\/Eva-Comas-1024x768.jpg\" alt=\"\" class=\"wp-image-225\" width=\"366\" height=\"275\" srcset=\"https:\/\/riudelletres.cat\/wp-content\/uploads\/2020\/09\/Eva-Comas-1024x768.jpg 1024w, https:\/\/riudelletres.cat\/wp-content\/uploads\/2020\/09\/Eva-Comas-300x225.jpg 300w, https:\/\/riudelletres.cat\/wp-content\/uploads\/2020\/09\/Eva-Comas-768x576.jpg 768w, https:\/\/riudelletres.cat\/wp-content\/uploads\/2020\/09\/Eva-Comas-840x630.jpg 840w, https:\/\/riudelletres.cat\/wp-content\/uploads\/2020\/09\/Eva-Comas-440x330.jpg 440w\" sizes=\"(max-width: 366px) 100vw, 366px\" \/><\/figure><\/div>\n\n\n\n<p><strong>1.-    Quines creus que s\u00f3n les premisses b\u00e0siques que haur\u00edem\u00a0de\u00a0tenir en compte abans\u00a0de\u00a0crear un v\u00eddeo\u00a0de\u00a0promoci\u00f3 d\u2019un llibre, d\u2019un acte o\u00a0de qualsevol altre aspecte relacionat amb la literatura?<\/strong><\/p>\n\n\n\n<p>Abans que res \u00e9s primordial saber qu\u00e8 es vol comunicar, a qui i per quin canal perqu\u00e8 aix\u00f2 determinar\u00e0 no nom\u00e9s el registre de llenguatge que fem servir i la ubicaci\u00f3 des d\u2019on gravem el v\u00eddeo, sin\u00f3 tamb\u00e9 la durada i el format. No \u00e9s el mateix pensar un v\u00eddeo per a Youtube on expliquem les deu novetats liter\u00e0ries destacades d\u2019aquesta tardor que un v\u00eddeo per a stories d\u2019Instagram on un autor parla de la seva obra. En el primer cas ha de ser en format horitzontal i d\u2019una llargada superior a 10 minuts, en canvi en el segon el preferirem horitzontal i m\u00e9s aviat breu, de menys d\u2019un minut. \u00c9s bo, a m\u00e9s, comptar amb un breu gui\u00f3 encara que nom\u00e9s sigui amb \u00edtems i fer una revisi\u00f3 del material de gravaci\u00f3 per comprovar que tot est\u00e0 preparat per dur a terme l\u2019enregistrament. Tamb\u00e9 cal tenir cura que les condicions lum\u00edniques i sonores siguin adients.<\/p>\n\n\n\n<p><strong>2.-     Cal que els v\u00eddeos siguin professionals o creus que \u00e9s m\u00e9s important el contingut?<\/strong><\/p>\n\n\n\n<p>La majoria de youtubers i intagramers que han triomfat els darrers anys van comen\u00e7ar d\u2019una manera totalment amateur. Amb aix\u00f2 no vull dir que no s\u2019hagi de tenir present la qualitat en l\u2019enregistrament o en l\u2019edici\u00f3 del v\u00eddeo, \u00e9s important; per\u00f2 cal tenir present que les xarxes socials han privilegiat una comunicaci\u00f3 basada en el tu a tu i en l\u2019autenticitat m\u00e9s que no pas en un acabat formal impecable. Cal construir un missatge personal i directe, molt allunyat del de la televisi\u00f3. <\/p>\n\n\n\n<p><strong>3.-    Estem segurs que has vist molts v\u00eddeos a les xarxes aquests \u00faltims mesos. Quins creus que s\u00f3n els errors m\u00e9s comuns que haur\u00edem d\u2019evitar?<\/strong><\/p>\n\n\n\n<p>Un dels errors\nm\u00e9s habituals \u00e9s comptar amb un so deficient. Si el nostre v\u00eddeo no s\u2019escolta\nb\u00e9, \u00e9s molt probable que la persona que l\u2019est\u00e0 veient desconnecti i passi a una\naltra cosa. Per altra banda, en les imatges gravades amb videoconfer\u00e8ncia, un\ndels errors recurrents \u00e9s no posar un suport a l\u2019ordinador, de manera que la\nimatge acaba tenint una mala angulaci\u00f3, veiem el rostre de la persona en\ncontrapicat i el seu rostre perd expressivitat i capacitat de comunicar. Sempre\nhem de tenir present de posar l\u2019objectiu de la c\u00e0mera a l\u2019al\u00e7ada dels\nulls.&nbsp; <\/p>\n\n\n\n<p><strong>4.-\u00a0\u00a0\u00a0\u00a0 Est\u00e0 molt b\u00e9 que tinguem la capacitat\u00a0de\u00a0fer un bon v\u00eddeo, per\u00f2 com ho hem\u00a0de\u00a0fer per a qu\u00e8 realment tingui ress\u00f2 i sigui visionat pel major nombre\u00a0de\u00a0persones possibles?<\/strong><\/p>\n\n\n\n<p>Com m\u00e9s persones hagin participat en el v\u00eddeo m\u00e9s \u00e9s\ncompartir\u00e0. Pensem en projectes conjunts. Amb la gran quantitat de continguts\nen v\u00eddeo que hi ha a les xarxes \u00e9s dif\u00edcil que un v\u00eddeo nostre es converteixi\nen viral, per\u00f2 sempre tindr\u00e0 m\u00e9s possibilitats de ser-ho si juguem amb l\u2019humor.\nUna altra recomanaci\u00f3 t\u00e9 a veure amb els missatges de text que acompanyen el\nv\u00eddeo: mirem d\u2019utilitzar un llenguatge emotiu i pr\u00f2xim, molt personal. No \u00e9s el\nmateix dir: \u201cEm fa molta il\u00b7lusi\u00f3 anunciar-te que trec un nou llibre\u201d, que no\npas \u201cEl llibre tal surt a la venda el 3 de setembre\u201d.<\/p>\n","protected":false},"excerpt":{"rendered":"<p>Tanquem el cicle d&#8217;entrevistes als ponents del Riudelletres 2020 parlant amb la professora, escriptora i periodista que impartir\u00e0 el taller de creaci\u00f3 de v\u00eddeos de promoci\u00f3 1.- Quines creus que s\u00f3n les premisses b\u00e0siques que<\/p>\n","protected":false},"author":1,"featured_media":0,"comment_status":"open","ping_status":"open","sticky":false,"template":"","format":"standard","meta":[],"categories":[1],"tags":[],"_links":{"self":[{"href":"https:\/\/riudelletres.cat\/index.php\/wp-json\/wp\/v2\/posts\/224"}],"collection":[{"href":"https:\/\/riudelletres.cat\/index.php\/wp-json\/wp\/v2\/posts"}],"about":[{"href":"https:\/\/riudelletres.cat\/index.php\/wp-json\/wp\/v2\/types\/post"}],"author":[{"embeddable":true,"href":"https:\/\/riudelletres.cat\/index.php\/wp-json\/wp\/v2\/users\/1"}],"replies":[{"embeddable":true,"href":"https:\/\/riudelletres.cat\/index.php\/wp-json\/wp\/v2\/comments?post=224"}],"version-history":[{"count":1,"href":"https:\/\/riudelletres.cat\/index.php\/wp-json\/wp\/v2\/posts\/224\/revisions"}],"predecessor-version":[{"id":226,"href":"https:\/\/riudelletres.cat\/index.php\/wp-json\/wp\/v2\/posts\/224\/revisions\/226"}],"wp:attachment":[{"href":"https:\/\/riudelletres.cat\/index.php\/wp-json\/wp\/v2\/media?parent=224"}],"wp:term":[{"taxonomy":"category","embeddable":true,"href":"https:\/\/riudelletres.cat\/index.php\/wp-json\/wp\/v2\/categories?post=224"},{"taxonomy":"post_tag","embeddable":true,"href":"https:\/\/riudelletres.cat\/index.php\/wp-json\/wp\/v2\/tags?post=224"}],"curies":[{"name":"wp","href":"https:\/\/api.w.org\/{rel}","templated":true}]}}