{"id":149,"date":"2019-09-10T10:22:41","date_gmt":"2019-09-10T08:22:41","guid":{"rendered":"http:\/\/riudelletres.cat\/?p=149"},"modified":"2019-09-10T10:22:41","modified_gmt":"2019-09-10T08:22:41","slug":"surtdecasa-penedes-sincorpora-a-la-llista-de-collaboradors-del-riudelletres-2019","status":"publish","type":"post","link":"https:\/\/riudelletres.cat\/index.php\/2019\/09\/10\/surtdecasa-penedes-sincorpora-a-la-llista-de-collaboradors-del-riudelletres-2019\/","title":{"rendered":"Surtdecasa Pened\u00e8s s&#8217;incorpora a la llista de col\u00b7laboradors del Riudelletres 2019"},"content":{"rendered":"\n<figure class=\"wp-block-image\"><img loading=\"lazy\" width=\"1024\" height=\"276\" src=\"http:\/\/riudelletres.cat\/wp-content\/uploads\/2019\/09\/Variant-Imagotit-Penedes-1024x276.png\" alt=\"\" class=\"wp-image-147\" srcset=\"https:\/\/riudelletres.cat\/wp-content\/uploads\/2019\/09\/Variant-Imagotit-Penedes-1024x276.png 1024w, https:\/\/riudelletres.cat\/wp-content\/uploads\/2019\/09\/Variant-Imagotit-Penedes-300x81.png 300w, https:\/\/riudelletres.cat\/wp-content\/uploads\/2019\/09\/Variant-Imagotit-Penedes-768x207.png 768w, https:\/\/riudelletres.cat\/wp-content\/uploads\/2019\/09\/Variant-Imagotit-Penedes.png 1604w\" sizes=\"(max-width: 1024px) 100vw, 1024px\" \/><\/figure>\n\n\n\n<p>El digital de cultura Surtdecasa.cat en la seva secci\u00f3 del Pened\u00e8s ha arribat a un acord de col\u00b7laboraci\u00f3 amb el Riudelletres i ens ajudar\u00e0 en la difusi\u00f3 de la jornada. <\/p>\n","protected":false},"excerpt":{"rendered":"<p>El digital de cultura Surtdecasa.cat en la seva secci\u00f3 del Pened\u00e8s ha arribat a un acord de col\u00b7laboraci\u00f3 amb el Riudelletres i ens ajudar\u00e0 en la difusi\u00f3 de la jornada.<\/p>\n","protected":false},"author":1,"featured_media":0,"comment_status":"open","ping_status":"open","sticky":false,"template":"","format":"standard","meta":[],"categories":[1],"tags":[],"_links":{"self":[{"href":"https:\/\/riudelletres.cat\/index.php\/wp-json\/wp\/v2\/posts\/149"}],"collection":[{"href":"https:\/\/riudelletres.cat\/index.php\/wp-json\/wp\/v2\/posts"}],"about":[{"href":"https:\/\/riudelletres.cat\/index.php\/wp-json\/wp\/v2\/types\/post"}],"author":[{"embeddable":true,"href":"https:\/\/riudelletres.cat\/index.php\/wp-json\/wp\/v2\/users\/1"}],"replies":[{"embeddable":true,"href":"https:\/\/riudelletres.cat\/index.php\/wp-json\/wp\/v2\/comments?post=149"}],"version-history":[{"count":1,"href":"https:\/\/riudelletres.cat\/index.php\/wp-json\/wp\/v2\/posts\/149\/revisions"}],"predecessor-version":[{"id":150,"href":"https:\/\/riudelletres.cat\/index.php\/wp-json\/wp\/v2\/posts\/149\/revisions\/150"}],"wp:attachment":[{"href":"https:\/\/riudelletres.cat\/index.php\/wp-json\/wp\/v2\/media?parent=149"}],"wp:term":[{"taxonomy":"category","embeddable":true,"href":"https:\/\/riudelletres.cat\/index.php\/wp-json\/wp\/v2\/categories?post=149"},{"taxonomy":"post_tag","embeddable":true,"href":"https:\/\/riudelletres.cat\/index.php\/wp-json\/wp\/v2\/tags?post=149"}],"curies":[{"name":"wp","href":"https:\/\/api.w.org\/{rel}","templated":true}]}}