{"id":1292,"date":"2025-08-07T07:23:33","date_gmt":"2025-08-07T05:23:33","guid":{"rendered":"https:\/\/riudelletres.cat\/?p=1292"},"modified":"2025-08-07T07:24:43","modified_gmt":"2025-08-07T05:24:43","slug":"entrevista-a-lalfred-bosch","status":"publish","type":"post","link":"https:\/\/riudelletres.cat\/index.php\/2025\/08\/07\/entrevista-a-lalfred-bosch\/","title":{"rendered":"Entrevista a l&#8217;Alfred Bosch"},"content":{"rendered":"\n<p>Un dels contertulians d&#8217;aquest Riudelletres 2025 a la tarda a la taula rodona sobre novel\u00b7la hist\u00f2rica \u00e9s l&#8217;escriptor Alfred Bosch, a qui li hem fet algunes preguntes sobre la feina d&#8217;escriure. Aqu\u00ed teniu les seves respostes.<\/p>\n\n\n\n<div class=\"wp-block-image\"><figure class=\"alignleft size-large is-resized\"><img loading=\"lazy\" src=\"https:\/\/riudelletres.cat\/wp-content\/uploads\/2025\/08\/20220827_091512-936x1024.jpg\" alt=\"\" class=\"wp-image-1293\" width=\"452\" height=\"494\" srcset=\"https:\/\/riudelletres.cat\/wp-content\/uploads\/2025\/08\/20220827_091512-936x1024.jpg 936w, https:\/\/riudelletres.cat\/wp-content\/uploads\/2025\/08\/20220827_091512-274x300.jpg 274w, https:\/\/riudelletres.cat\/wp-content\/uploads\/2025\/08\/20220827_091512-768x840.jpg 768w, https:\/\/riudelletres.cat\/wp-content\/uploads\/2025\/08\/20220827_091512-1404x1536.jpg 1404w, https:\/\/riudelletres.cat\/wp-content\/uploads\/2025\/08\/20220827_091512-1872x2048.jpg 1872w\" sizes=\"(max-width: 452px) 100vw, 452px\" \/><\/figure><\/div>\n\n\n\n<p><strong>1.- Des de la teva experi\u00e8ncia en la publicaci\u00f3 de novel\u00b7les hist\u00f2riques, qu\u00e8 \u00e9s per tu el m\u00e9s important en la publicaci\u00f3 d&#8217;aquest tipus d&#8217;obres: que el lector aprengui sobre un moment hist\u00f2ric concret o que gaudeixi d&#8217;una trama que el sedueixi? O en quina proporci\u00f3 hauria de ser cadascun d&#8217;aquests aspectes?<\/strong><br>La novel\u00b7la \u00e9s ficci\u00f3, i per tant el m\u00e9s important \u00e9s l&#8217;atractiu del relat, un gui\u00f3 s\u00f2lid i uns personatges amb for\u00e7a. Aix\u00f2 no vol dir que calgui maltractar els fets i processos hist\u00f2rics coneguts. M\u00e9s aviat al contrari; la solv\u00e8ncia i la versemblan\u00e7a de la hist\u00f2ria en min\u00fascules pot dependre molt d&#8217;un bon \u00fas de la Hist\u00f2ria en maj\u00fascules. De fet, el recurs a la m\u00e0quina del temps, ben greixada i nodrida, pot multiplicar la pot\u00e8ncia de la ficci\u00f3, perqu\u00e8 et fa gaudir d&#8217;una m\u00e0gia del tot impossible; viatjar enrere en el temps.<\/p>\n\n\n\n<p><br><strong>2.- Quan escrius una novel\u00b7la hist\u00f2rica, en qu\u00e8 et bases per expressar qu\u00e8 senten i com viuen els fets relatats els personatges de ficci\u00f3 que has creat?<\/strong><br>El m\u00e9s poder\u00f3s, per a mi, s\u00f3n les sensacions. La m\u00e0gia del viatge en el temps no dep\u00e8n dels fets i les dates que incorporis, sin\u00f3 de la capacitat que tinguis per transmetre imatges, olors, sorolls, paraules i sentiments que et transportin a un m\u00f3n que ja no existeix.\u00a0<br><\/p>\n\n\n\n<p><strong>3.- Quin per\u00edode hist\u00f2ric \u00e9s per tu el m\u00e9s atractiu per a escriure una novel\u00b7la hist\u00f2rica? Ja l&#8217;has escrit?<\/strong><br>M&#8217;atrauen els per\u00edodes i llocs que semblen paradisos perduts. All\u00f2 que no va poder ser, malgrat que semblava apuntar a una societat pr\u00f2spera i feli\u00e7. La baixa edat mitjana abans de la pesta; el m\u00f3n de la Il\u00b7lustraci\u00f3 abans de les grans guerres europees; la Roma que va naufragar o l&#8217;\u00c0frica lliure i natural que es va estroncar. La felicitat extraviada, o arru\u00efnada pels homes, em sembla molt seductora.<br><\/p>\n\n\n\n<p><strong>4.- En general, com veus la literatura en catal\u00e0 i com creus que podem ajudar a impulsar-la?<\/strong><br>Doncs hem de comprar llibres en catal\u00e0. I si a sobre els llegim ja seria el s\u00fammum.<\/p>\n\n\n\n<p><\/p>\n\n\n\n<figure class=\"wp-block-image size-large is-resized\"><img loading=\"lazy\" src=\"https:\/\/riudelletres.cat\/wp-content\/uploads\/2025\/08\/IMG-20220726-WA0012-768x1024.jpg\" alt=\"\" class=\"wp-image-1294\" width=\"826\" height=\"1101\" srcset=\"https:\/\/riudelletres.cat\/wp-content\/uploads\/2025\/08\/IMG-20220726-WA0012-768x1024.jpg 768w, https:\/\/riudelletres.cat\/wp-content\/uploads\/2025\/08\/IMG-20220726-WA0012-225x300.jpg 225w, https:\/\/riudelletres.cat\/wp-content\/uploads\/2025\/08\/IMG-20220726-WA0012-1152x1536.jpg 1152w, https:\/\/riudelletres.cat\/wp-content\/uploads\/2025\/08\/IMG-20220726-WA0012.jpg 1536w\" sizes=\"(max-width: 826px) 100vw, 826px\" \/><\/figure>\n","protected":false},"excerpt":{"rendered":"<p>Un dels contertulians d&#8217;aquest Riudelletres 2025 a la tarda a la taula rodona sobre novel\u00b7la hist\u00f2rica \u00e9s l&#8217;escriptor Alfred Bosch, a qui li hem fet algunes preguntes sobre la feina d&#8217;escriure. Aqu\u00ed teniu les seves<\/p>\n","protected":false},"author":1,"featured_media":0,"comment_status":"open","ping_status":"open","sticky":false,"template":"","format":"standard","meta":[],"categories":[1],"tags":[],"_links":{"self":[{"href":"https:\/\/riudelletres.cat\/index.php\/wp-json\/wp\/v2\/posts\/1292"}],"collection":[{"href":"https:\/\/riudelletres.cat\/index.php\/wp-json\/wp\/v2\/posts"}],"about":[{"href":"https:\/\/riudelletres.cat\/index.php\/wp-json\/wp\/v2\/types\/post"}],"author":[{"embeddable":true,"href":"https:\/\/riudelletres.cat\/index.php\/wp-json\/wp\/v2\/users\/1"}],"replies":[{"embeddable":true,"href":"https:\/\/riudelletres.cat\/index.php\/wp-json\/wp\/v2\/comments?post=1292"}],"version-history":[{"count":3,"href":"https:\/\/riudelletres.cat\/index.php\/wp-json\/wp\/v2\/posts\/1292\/revisions"}],"predecessor-version":[{"id":1297,"href":"https:\/\/riudelletres.cat\/index.php\/wp-json\/wp\/v2\/posts\/1292\/revisions\/1297"}],"wp:attachment":[{"href":"https:\/\/riudelletres.cat\/index.php\/wp-json\/wp\/v2\/media?parent=1292"}],"wp:term":[{"taxonomy":"category","embeddable":true,"href":"https:\/\/riudelletres.cat\/index.php\/wp-json\/wp\/v2\/categories?post=1292"},{"taxonomy":"post_tag","embeddable":true,"href":"https:\/\/riudelletres.cat\/index.php\/wp-json\/wp\/v2\/tags?post=1292"}],"curies":[{"name":"wp","href":"https:\/\/api.w.org\/{rel}","templated":true}]}}