{"id":1216,"date":"2024-08-26T18:20:11","date_gmt":"2024-08-26T16:20:11","guid":{"rendered":"http:\/\/riudelletres.cat\/?p=1216"},"modified":"2024-08-26T18:20:11","modified_gmt":"2024-08-26T16:20:11","slug":"entrevista-a-cesk-freixas","status":"publish","type":"post","link":"https:\/\/riudelletres.cat\/index.php\/2024\/08\/26\/entrevista-a-cesk-freixas\/","title":{"rendered":"Entrevista a Cesk Freixas"},"content":{"rendered":"\n<p>El Riudelletres 2024 acaba amb un concert ben especial, el del Cesk Freixas, riudebitllenc i orgullosament tocat per la literatura que ens ha respost algunes de les preguntes sobre la seva relaci\u00f3 amb el m\u00f3n de les lletres.<\/p>\n\n\n\n<figure class=\"wp-block-image size-large\"><img loading=\"lazy\" width=\"1024\" height=\"683\" src=\"http:\/\/riudelletres.cat\/wp-content\/uploads\/2024\/08\/Cesk-Freixas-02-2024-gran-1024x683.jpg\" alt=\"\" class=\"wp-image-1217\" srcset=\"https:\/\/riudelletres.cat\/wp-content\/uploads\/2024\/08\/Cesk-Freixas-02-2024-gran-1024x683.jpg 1024w, https:\/\/riudelletres.cat\/wp-content\/uploads\/2024\/08\/Cesk-Freixas-02-2024-gran-300x200.jpg 300w, https:\/\/riudelletres.cat\/wp-content\/uploads\/2024\/08\/Cesk-Freixas-02-2024-gran-768x512.jpg 768w, https:\/\/riudelletres.cat\/wp-content\/uploads\/2024\/08\/Cesk-Freixas-02-2024-gran-1536x1024.jpg 1536w, https:\/\/riudelletres.cat\/wp-content\/uploads\/2024\/08\/Cesk-Freixas-02-2024-gran-2048x1365.jpg 2048w\" sizes=\"(max-width: 1024px) 100vw, 1024px\" \/><\/figure>\n\n\n\n<p>1<strong>.- Cesk, tu ets m\u00fasic de professi\u00f3, per\u00f2 tamb\u00e9 has fet certes incursions en el m\u00f3n de la literatura. Qu\u00e8 t&#8217;hi ha portat i qu\u00e8 t&#8217;ha aportat?<\/strong><br>Sempre m&#8217;ha interessat la narrativa. De fet, en la m\u00fasica, el que hi explico, com ho redacto, la forma que hi dono&#8230; per a mi \u00e9s el m\u00e9s important. En les can\u00e7ons, a difer\u00e8ncia de la literatura, hi juga un paper transcendental l&#8217;ecosistema i paisatge musical, i aix\u00f2 fa que els camins per entrar dins de la hist\u00f2ria siguin m\u00e9s r\u00e0pids, potser perqu\u00e8 s&#8217;activa un espectre m\u00e9s ampli de sensors emocionals. Quan prescindeixes de tot aquest univers sonor, la narraci\u00f3 requereix de molta m\u00e9s atenci\u00f3, ha d&#8217;estar molt ben tramada i exposada. Despr\u00e9s d&#8217;uns anys fent can\u00e7ons, escriure sense aquest acompanyament musical em va comen\u00e7ar a cridar l&#8217;atenci\u00f3. Com a lector de poesia, ha sigut un repte, gaireb\u00e9 un joc, tamb\u00e9 un divertiment. \u00c9s un g\u00e8nere que m&#8217;apassiona, m&#8217;agrada molt, i la metedologia en la seva construcci\u00f3 \u00e9s id\u00e8ntica a la de la creaci\u00f3 de can\u00e7ons, precisament perqu\u00e8 tamb\u00e9 les plantejo com a peces po\u00e8tiques. Com a pare, he trobat en els contes una bonica manera d&#8217;explicar el m\u00f3n als meus fills. Escriure&#8217;n tamb\u00e9 \u00e9s un proc\u00e9s que m&#8217;agrada molt.<\/p>\n\n\n\n<p><strong>2.- Entenem que, com a cantautor i, per tant, avesat a escriure les teves can\u00e7ons, la poesia i la literatura en general estan sempre relacionades amb la m\u00fasica. Quin paper creus que ha de tenir, precisament, la literatura en el marc cultural del nostre pa\u00eds?<\/strong><br>La literatura crea referencialitat, ens explica i explica tot all\u00f2 que passa en aquest pa\u00eds. \u00c9s, segurament, l&#8217;element central de la creaci\u00f3 cultural, ja que \u00e9s horitzontal i omnipresent en tots els g\u00e8neres culturals, d&#8217;una manera m\u00e9s o menys expl\u00edcita. Cal que cuidem tots els seus espais, no nom\u00e9s els aparadors, i que sapiguem articular un discurs atractiu en la seva defensa. En un moment on tot passa tan de pressa, reivindicar la literatura \u00e9s fer un clam en favor de la pausa, la reflexi\u00f3, i tamb\u00e9 de l&#8217;entreteniment. I, \u00e9s clar, cal que siguem molt clars en el vincle de la creaci\u00f3 cultural i la llengua amb la que es fa. Necessitem m\u00e9s que mai literatura feta en catal\u00e0 arreu dels Pa\u00efsos Catalans. L&#8217;embat de l&#8217;Estat espanyol, que ja de fer si \u00e9s centralista, amb l&#8217;acompanyament de l&#8217;extrema dreta, ens obliga a refermar-nos en la creaci\u00f3 cultural en catal\u00e0: cal fer-ne m\u00e9s que mai, encara que sigui per molestar.<\/p>\n\n\n\n<p><strong>3.- El Riudelletres \u00e9s un esdeveniment literari que s&#8217;ha consolidat en un poble petit, que a m\u00e9s a m\u00e9s \u00e9s el teu poble natal, i suposem que consideres que aquests tipus de trobades i actes semblants a comarques s&#8217;haurien de potenciar. Com creus que es pot fer m\u00e9s enll\u00e0 de les ajudes institucionals?<\/strong><br>El Riudelletres \u00e9s el paradigma d&#8217;all\u00f2 que hauria de ser la cultura: proximitat, creadors locals i arrelament a la terra. \u00c9s imprescindible entendre-ho aix\u00ed, des del meu punt de vista. Les ajudes de les institucions s\u00f3n importants, per\u00f2 no poden ser les \u00faniques i exclusives que mantinguin econ\u00f2micament les propostes culturals. La cultura no pot subsistir \u00fanicament amb aix\u00f2, perqu\u00e8 quan les subvencions desapareixen, que li passa, aleshores, a la cultura? Cal una milit\u00e0ncia en aquest sentit, enfortir l&#8217;associacionisme i tornar a apostar pels espais de difusi\u00f3 i pensament de la cultura des de la col\u00b7lectivitat. Em penso que, almenys als Pa\u00efsos Catalans, quan fem les coses amb aquest rerefons, fem coses grosses i importants.<\/p>\n\n\n\n<p><strong>4.- I la pregunta que tothom espera. Continuar\u00e0s escrivint ara que deixes els escenaris? Tens algun projecte en dansa?<\/strong><br>La meva aturada ser\u00e0 temporal, d&#8217;uns quants anys. Vull, precisament, deixar els escenaris per iniciar altres projectes que tenen a veure amb la creaci\u00f3 cultural. Un d&#8217;ells \u00e9s el d&#8217;una editorial de literatura infantil i juvenil, que ja ha comen\u00e7at a n\u00e9ixer, i espero poder publicar-hi les primeres refer\u00e8ncies durant l&#8217;any que ve. Com a escriptor, d&#8217;aqu\u00ed a molt pocs mesos publicar\u00e9 el meu quart llibre de poesia. Em fa molta il\u00b7lusi\u00f3!<\/p>\n","protected":false},"excerpt":{"rendered":"<p>El Riudelletres 2024 acaba amb un concert ben especial, el del Cesk Freixas, riudebitllenc i orgullosament tocat per la literatura que ens ha respost algunes de les preguntes sobre la seva relaci\u00f3 amb el m\u00f3n<\/p>\n","protected":false},"author":1,"featured_media":0,"comment_status":"open","ping_status":"open","sticky":false,"template":"","format":"standard","meta":[],"categories":[1],"tags":[],"_links":{"self":[{"href":"https:\/\/riudelletres.cat\/index.php\/wp-json\/wp\/v2\/posts\/1216"}],"collection":[{"href":"https:\/\/riudelletres.cat\/index.php\/wp-json\/wp\/v2\/posts"}],"about":[{"href":"https:\/\/riudelletres.cat\/index.php\/wp-json\/wp\/v2\/types\/post"}],"author":[{"embeddable":true,"href":"https:\/\/riudelletres.cat\/index.php\/wp-json\/wp\/v2\/users\/1"}],"replies":[{"embeddable":true,"href":"https:\/\/riudelletres.cat\/index.php\/wp-json\/wp\/v2\/comments?post=1216"}],"version-history":[{"count":1,"href":"https:\/\/riudelletres.cat\/index.php\/wp-json\/wp\/v2\/posts\/1216\/revisions"}],"predecessor-version":[{"id":1218,"href":"https:\/\/riudelletres.cat\/index.php\/wp-json\/wp\/v2\/posts\/1216\/revisions\/1218"}],"wp:attachment":[{"href":"https:\/\/riudelletres.cat\/index.php\/wp-json\/wp\/v2\/media?parent=1216"}],"wp:term":[{"taxonomy":"category","embeddable":true,"href":"https:\/\/riudelletres.cat\/index.php\/wp-json\/wp\/v2\/categories?post=1216"},{"taxonomy":"post_tag","embeddable":true,"href":"https:\/\/riudelletres.cat\/index.php\/wp-json\/wp\/v2\/tags?post=1216"}],"curies":[{"name":"wp","href":"https:\/\/api.w.org\/{rel}","templated":true}]}}