{"id":1,"date":"2019-07-17T11:34:53","date_gmt":"2019-07-17T09:34:53","guid":{"rendered":"http:\/\/riudelletres.cat\/?p=1"},"modified":"2019-07-17T14:24:31","modified_gmt":"2019-07-17T12:24:31","slug":"hola-mundo","status":"publish","type":"post","link":"https:\/\/riudelletres.cat\/index.php\/2019\/07\/17\/hola-mundo\/","title":{"rendered":"Primer taller confirmat"},"content":{"rendered":"\n<p>Avui acabem de lligar el primer taller de l&#8217;edici\u00f3 2019. Es tracta del taller d&#8217;oralitat i formes de comunicaci\u00f3 que ens impartir\u00e0 l&#8217;actor, director i pedagog teatral Ramon Garrido.<\/p>\n\n\n\n<figure class=\"wp-block-image\"><img loading=\"lazy\" width=\"1024\" height=\"727\" src=\"http:\/\/riudelletres.cat\/wp-content\/uploads\/2019\/07\/fitxa-Ramon-Garrido-1-1024x727.png\" alt=\"\" class=\"wp-image-87\" srcset=\"https:\/\/riudelletres.cat\/wp-content\/uploads\/2019\/07\/fitxa-Ramon-Garrido-1-1024x727.png 1024w, https:\/\/riudelletres.cat\/wp-content\/uploads\/2019\/07\/fitxa-Ramon-Garrido-1-300x213.png 300w, https:\/\/riudelletres.cat\/wp-content\/uploads\/2019\/07\/fitxa-Ramon-Garrido-1-768x545.png 768w, https:\/\/riudelletres.cat\/wp-content\/uploads\/2019\/07\/fitxa-Ramon-Garrido-1.png 1096w\" sizes=\"(max-width: 1024px) 100vw, 1024px\" \/><\/figure>\n\n\n\n<p> <\/p>\n","protected":false},"excerpt":{"rendered":"<p>Avui acabem de lligar el primer taller de l&#8217;edici\u00f3 2019. Es tracta del taller d&#8217;oralitat i formes de comunicaci\u00f3 que ens impartir\u00e0 l&#8217;actor, director i pedagog teatral Ramon Garrido.<\/p>\n","protected":false},"author":1,"featured_media":0,"comment_status":"open","ping_status":"open","sticky":false,"template":"","format":"standard","meta":[],"categories":[1],"tags":[],"_links":{"self":[{"href":"https:\/\/riudelletres.cat\/index.php\/wp-json\/wp\/v2\/posts\/1"}],"collection":[{"href":"https:\/\/riudelletres.cat\/index.php\/wp-json\/wp\/v2\/posts"}],"about":[{"href":"https:\/\/riudelletres.cat\/index.php\/wp-json\/wp\/v2\/types\/post"}],"author":[{"embeddable":true,"href":"https:\/\/riudelletres.cat\/index.php\/wp-json\/wp\/v2\/users\/1"}],"replies":[{"embeddable":true,"href":"https:\/\/riudelletres.cat\/index.php\/wp-json\/wp\/v2\/comments?post=1"}],"version-history":[{"count":2,"href":"https:\/\/riudelletres.cat\/index.php\/wp-json\/wp\/v2\/posts\/1\/revisions"}],"predecessor-version":[{"id":88,"href":"https:\/\/riudelletres.cat\/index.php\/wp-json\/wp\/v2\/posts\/1\/revisions\/88"}],"wp:attachment":[{"href":"https:\/\/riudelletres.cat\/index.php\/wp-json\/wp\/v2\/media?parent=1"}],"wp:term":[{"taxonomy":"category","embeddable":true,"href":"https:\/\/riudelletres.cat\/index.php\/wp-json\/wp\/v2\/categories?post=1"},{"taxonomy":"post_tag","embeddable":true,"href":"https:\/\/riudelletres.cat\/index.php\/wp-json\/wp\/v2\/tags?post=1"}],"curies":[{"name":"wp","href":"https:\/\/api.w.org\/{rel}","templated":true}]}}